{"id":1036,"date":"2020-02-28T10:38:05","date_gmt":"2020-02-28T09:38:05","guid":{"rendered":"https:\/\/itabe.es\/?p=1036"},"modified":"2020-02-28T10:40:16","modified_gmt":"2020-02-28T09:40:16","slug":"que-senten-per-seguretat-alimentaria","status":"publish","type":"post","link":"https:\/\/itabe.es\/ca\/que-senten-per-seguretat-alimentaria\/","title":{"rendered":"Qu\u00e8 s&#8217;ent\u00e9n per seguretat aliment\u00e0ria"},"content":{"rendered":"<p>En el moment en el que es parla de <strong>seguretat aliment\u00e0ria<\/strong> es fa refer\u00e8ncia als recursos i a les estrat\u00e8gies que asseguren que els aliments siguin completament segurs per al seu consum. \u00c9s per aix\u00f2 que \u00e9s tan important entendre b\u00e9 el que significa aquest concepte.<\/p>\n<h2>Seguretat aliment\u00e0ria: qu\u00e8 s&#8217;ent\u00e9n per aquest concepte?<\/h2>\n<p>Amb el pas del temps, la definici\u00f3 de <strong>seguretat aliment\u00e0ria<\/strong> ha anat evolucionant. El canvi que s&#8217;ha produ\u00eft en els sistemes de producci\u00f3 i la globalitzaci\u00f3 ha portat als governs i a les empreses del sector alimentari a afrontar nous <strong>reptes i desafiaments per a prevenir riscos alimentaris.<\/strong><\/p>\n<p>\u00c9s per aix\u00f2 que actualment aquest concepte de <strong>seguretat aliment\u00e0ria<\/strong> \u00e9s m\u00e9s complet i ric perqu\u00e8 es fonamenta en qu\u00e8 els aliments no suposin un risc per a la salut de les persones.<\/p>\n<p>Per a aconseguir aquest objectiu han d&#8217;aplicar-se unes mesures de control tant en la higiene com en els processos d&#8217;elaboraci\u00f3, que garanteixin que s&#8217;eliminen els perills que podrien afectar el consumidor.<\/p>\n<p>Aquestes mesures de control s\u00f3n \u00e0mplies i s&#8217;estenen al llarg de tota la cadena aliment\u00e0ria. Inclouen conceptes com <strong>APPCC prerequisits<\/strong>, mostreig i <strong>l&#8217;an\u00e0lisi d&#8217;aliments<\/strong> fins a l&#8217;\u00fas de bones pr\u00e0ctiques agr\u00edcoles i el seguiment de la <strong>tra\u00e7abilitat<\/strong> durant la producci\u00f3 prim\u00e0ria.<\/p>\n<p>\u00c9s important observar que la demostraci\u00f3 que s&#8217;estan aplicant les mesures higi\u00e8niques correctes ha de ser en continu.<\/p>\n<p>A m\u00e9s a nivell general, la seguretat aliment\u00e0ria queda complementada tamb\u00e9 amb una altra mena de conceptes com la disponibilitat, l&#8217;estabilitat, l&#8217;acc\u00e9s i l&#8217;\u00fas, segons l&#8217;Organitzaci\u00f3 de les Nacions Unides per a l&#8217;Agricultura i l&#8217;Alimentaci\u00f3 (FAO) i l&#8217;Organitzaci\u00f3 mundial de la Salut (OMS).<\/p>\n<p>Comen\u00e7ant per la <strong>disponibilitat<\/strong>, es refereix a la disponibilitat f\u00edsica dels aliments a tot el m\u00f3n, que dep\u00e8n de la producci\u00f3 i del nombre d&#8217;exist\u00e8ncies disponibles. Tamb\u00e9 <strong>l&#8217;acc\u00e9s<\/strong> per mitj\u00e0 de pol\u00edtiques que permetin aconseguir els m\u00ednims objectius de seguretat aliment\u00e0ria establerts.<\/p>\n<p>En tercer lloc, <strong>l&#8217;\u00fas d&#8217;aliments<\/strong> o la manera en la qual el cos s&#8217;aprofita dels nutrients. Aix\u00ed com <strong>l&#8217;estabilitat<\/strong> en l&#8217;acc\u00e9s als aliments, el \u00a0que \u00e9s el mateix, la disponibilitat dels aliments de manera peri\u00f2dica a causa de condicions climatol\u00f2giques adverses o factors econ\u00f2mics.<\/p>\n<p>&nbsp;<\/p>\n<p><img loading=\"lazy\" decoding=\"async\" class=\"aligncenter size-full wp-image-1027\" src=\"https:\/\/itabe.es\/wp-content\/uploads\/2020\/02\/sin-ttulo-3.jpg\" alt=\"formaci\u00f3n seguridad alimentaria Barcelona\" width=\"1100\" height=\"400\" srcset=\"https:\/\/itabe.es\/wp-content\/uploads\/2020\/02\/sin-ttulo-3.jpg 1100w, https:\/\/itabe.es\/wp-content\/uploads\/2020\/02\/sin-ttulo-3-300x109.jpg 300w, https:\/\/itabe.es\/wp-content\/uploads\/2020\/02\/sin-ttulo-3-1024x372.jpg 1024w, https:\/\/itabe.es\/wp-content\/uploads\/2020\/02\/sin-ttulo-3-768x279.jpg 768w\" sizes=\"auto, (max-width: 1100px) 100vw, 1100px\" \/><br \/>\nPer tot aix\u00f2 \u00e9s pel que la seguretat aliment\u00e0ria no \u00e9s igual a tots els pa\u00efsos. Per\u00f2 si donem un cop d&#8217;ull a les dades que ens assenyala l&#8217;Organitzaci\u00f3 Mundial de la Salut (OMS), tenim que a tot el m\u00f3n es propaguen m\u00e9s de 200 malalties a trav\u00e9s dels aliments. En conseq\u00fc\u00e8ncia les malalties causades pels perills transmesos pels aliments, constitueix una preocupaci\u00f3 a la salut p\u00fablica a nivell mundial.<\/p>\n<p>Con\u00e8ixer la seguretat aliment\u00e0ria a Barcelona \u00e9s un pas per a aconseguir garantir-la. Ho fem possible? <a href=\"https:\/\/itabe.es\/ca\/contacto\/\" target=\"_blank\" rel=\"noopener noreferrer\">Contacta ara els nostres serveis<\/a>.<\/p>\n","protected":false},"excerpt":{"rendered":"<p>En el moment en el que es parla de seguretat aliment\u00e0ria es fa refer\u00e8ncia als recursos i a les estrat\u00e8gies que asseguren que els aliments siguin completament segurs per al seu consum. \u00c9s per aix\u00f2 que \u00e9s tan important entendre b\u00e9 el que significa aquest concepte. Seguretat aliment\u00e0ria: qu\u00e8 s&#8217;ent\u00e9n per aquest concepte? Amb el [&hellip;]<\/p>\n","protected":false},"author":1,"featured_media":394,"comment_status":"closed","ping_status":"open","sticky":false,"template":"","format":"standard","meta":{"footnotes":""},"categories":[7],"tags":[],"class_list":["post-1036","post","type-post","status-publish","format-standard","has-post-thumbnail","hentry","category-sense-categoria"],"yoast_head":"<!-- This site is optimized with the Yoast SEO plugin v27.5 - https:\/\/yoast.com\/product\/yoast-seo-wordpress\/ -->\n<title>Qu\u00e8 s&#039;ent\u00e9n per seguretat aliment\u00e0ria - Itabe Laboratorio<\/title>\n<meta name=\"robots\" content=\"index, follow, max-snippet:-1, max-image-preview:large, max-video-preview:-1\" \/>\n<link rel=\"canonical\" href=\"https:\/\/itabe.es\/ca\/que-senten-per-seguretat-alimentaria\/\" \/>\n<meta property=\"og:locale\" content=\"ca_ES\" \/>\n<meta property=\"og:type\" content=\"article\" \/>\n<meta property=\"og:title\" content=\"Qu\u00e8 s&#039;ent\u00e9n per seguretat aliment\u00e0ria - Itabe Laboratorio\" \/>\n<meta property=\"og:description\" content=\"En el moment en el que es parla de seguretat aliment\u00e0ria es fa refer\u00e8ncia als recursos i a les estrat\u00e8gies que asseguren que els aliments siguin completament segurs per al seu consum. \u00c9s per aix\u00f2 que \u00e9s tan important entendre b\u00e9 el que significa aquest concepte. Seguretat aliment\u00e0ria: qu\u00e8 s&#8217;ent\u00e9n per aquest concepte? Amb el [&hellip;]\" \/>\n<meta property=\"og:url\" content=\"https:\/\/itabe.es\/ca\/que-senten-per-seguretat-alimentaria\/\" \/>\n<meta property=\"og:site_name\" content=\"Itabe Laboratorio\" \/>\n<meta property=\"article:published_time\" content=\"2020-02-28T09:38:05+00:00\" \/>\n<meta property=\"article:modified_time\" content=\"2020-02-28T09:40:16+00:00\" \/>\n<meta property=\"og:image\" content=\"https:\/\/itabe.es\/wp-content\/uploads\/2019\/06\/seguridad-alimentaria-barce.jpg\" \/>\n\t<meta property=\"og:image:width\" content=\"1920\" \/>\n\t<meta property=\"og:image:height\" content=\"600\" \/>\n\t<meta property=\"og:image:type\" content=\"image\/jpeg\" \/>\n<meta name=\"author\" content=\"Itabe\" \/>\n<meta name=\"twitter:card\" content=\"summary_large_image\" \/>\n<meta name=\"twitter:label1\" content=\"Escrit per\" \/>\n\t<meta name=\"twitter:data1\" content=\"Itabe\" \/>\n\t<meta name=\"twitter:label2\" content=\"Temps estimat de lectura\" \/>\n\t<meta name=\"twitter:data2\" content=\"2 minuts\" \/>\n<script type=\"application\/ld+json\" class=\"yoast-schema-graph\">{\"@context\":\"https:\\\/\\\/schema.org\",\"@graph\":[{\"@type\":\"Article\",\"@id\":\"https:\\\/\\\/itabe.es\\\/ca\\\/que-senten-per-seguretat-alimentaria\\\/#article\",\"isPartOf\":{\"@id\":\"https:\\\/\\\/itabe.es\\\/ca\\\/que-senten-per-seguretat-alimentaria\\\/\"},\"author\":{\"name\":\"Itabe\",\"@id\":\"https:\\\/\\\/itabe.es\\\/#\\\/schema\\\/person\\\/8f14d3a579706503e36ade373f2a6f2c\"},\"headline\":\"Qu\u00e8 s&#8217;ent\u00e9n per seguretat aliment\u00e0ria\",\"datePublished\":\"2020-02-28T09:38:05+00:00\",\"dateModified\":\"2020-02-28T09:40:16+00:00\",\"mainEntityOfPage\":{\"@id\":\"https:\\\/\\\/itabe.es\\\/ca\\\/que-senten-per-seguretat-alimentaria\\\/\"},\"wordCount\":520,\"image\":{\"@id\":\"https:\\\/\\\/itabe.es\\\/ca\\\/que-senten-per-seguretat-alimentaria\\\/#primaryimage\"},\"thumbnailUrl\":\"https:\\\/\\\/itabe.es\\\/wp-content\\\/uploads\\\/2019\\\/06\\\/seguridad-alimentaria-barce.jpg\",\"inLanguage\":\"ca\"},{\"@type\":\"WebPage\",\"@id\":\"https:\\\/\\\/itabe.es\\\/ca\\\/que-senten-per-seguretat-alimentaria\\\/\",\"url\":\"https:\\\/\\\/itabe.es\\\/ca\\\/que-senten-per-seguretat-alimentaria\\\/\",\"name\":\"Qu\u00e8 s'ent\u00e9n per seguretat aliment\u00e0ria - Itabe Laboratorio\",\"isPartOf\":{\"@id\":\"https:\\\/\\\/itabe.es\\\/#website\"},\"primaryImageOfPage\":{\"@id\":\"https:\\\/\\\/itabe.es\\\/ca\\\/que-senten-per-seguretat-alimentaria\\\/#primaryimage\"},\"image\":{\"@id\":\"https:\\\/\\\/itabe.es\\\/ca\\\/que-senten-per-seguretat-alimentaria\\\/#primaryimage\"},\"thumbnailUrl\":\"https:\\\/\\\/itabe.es\\\/wp-content\\\/uploads\\\/2019\\\/06\\\/seguridad-alimentaria-barce.jpg\",\"datePublished\":\"2020-02-28T09:38:05+00:00\",\"dateModified\":\"2020-02-28T09:40:16+00:00\",\"author\":{\"@id\":\"https:\\\/\\\/itabe.es\\\/#\\\/schema\\\/person\\\/8f14d3a579706503e36ade373f2a6f2c\"},\"breadcrumb\":{\"@id\":\"https:\\\/\\\/itabe.es\\\/ca\\\/que-senten-per-seguretat-alimentaria\\\/#breadcrumb\"},\"inLanguage\":\"ca\",\"potentialAction\":[{\"@type\":\"ReadAction\",\"target\":[\"https:\\\/\\\/itabe.es\\\/ca\\\/que-senten-per-seguretat-alimentaria\\\/\"]}]},{\"@type\":\"ImageObject\",\"inLanguage\":\"ca\",\"@id\":\"https:\\\/\\\/itabe.es\\\/ca\\\/que-senten-per-seguretat-alimentaria\\\/#primaryimage\",\"url\":\"https:\\\/\\\/itabe.es\\\/wp-content\\\/uploads\\\/2019\\\/06\\\/seguridad-alimentaria-barce.jpg\",\"contentUrl\":\"https:\\\/\\\/itabe.es\\\/wp-content\\\/uploads\\\/2019\\\/06\\\/seguridad-alimentaria-barce.jpg\",\"width\":1920,\"height\":600,\"caption\":\"seguridad alimentaria barcelona\"},{\"@type\":\"BreadcrumbList\",\"@id\":\"https:\\\/\\\/itabe.es\\\/ca\\\/que-senten-per-seguretat-alimentaria\\\/#breadcrumb\",\"itemListElement\":[{\"@type\":\"ListItem\",\"position\":1,\"name\":\"Portada\",\"item\":\"https:\\\/\\\/itabe.es\\\/ca\\\/\"},{\"@type\":\"ListItem\",\"position\":2,\"name\":\"Qu\u00e8 s&#8217;ent\u00e9n per seguretat aliment\u00e0ria\"}]},{\"@type\":\"WebSite\",\"@id\":\"https:\\\/\\\/itabe.es\\\/#website\",\"url\":\"https:\\\/\\\/itabe.es\\\/\",\"name\":\"Itabe Laboratorio\",\"description\":\"Laboratorio ambiental, seguridad alimentaria\",\"potentialAction\":[{\"@type\":\"SearchAction\",\"target\":{\"@type\":\"EntryPoint\",\"urlTemplate\":\"https:\\\/\\\/itabe.es\\\/?s={search_term_string}\"},\"query-input\":{\"@type\":\"PropertyValueSpecification\",\"valueRequired\":true,\"valueName\":\"search_term_string\"}}],\"inLanguage\":\"ca\"},{\"@type\":\"Person\",\"@id\":\"https:\\\/\\\/itabe.es\\\/#\\\/schema\\\/person\\\/8f14d3a579706503e36ade373f2a6f2c\",\"name\":\"Itabe\",\"image\":{\"@type\":\"ImageObject\",\"inLanguage\":\"ca\",\"@id\":\"https:\\\/\\\/secure.gravatar.com\\\/avatar\\\/954520ac96921f58212e6f859757aceb6d9b28a5e161a6b461188bcb3c89fea1?s=96&d=mm&r=g\",\"url\":\"https:\\\/\\\/secure.gravatar.com\\\/avatar\\\/954520ac96921f58212e6f859757aceb6d9b28a5e161a6b461188bcb3c89fea1?s=96&d=mm&r=g\",\"contentUrl\":\"https:\\\/\\\/secure.gravatar.com\\\/avatar\\\/954520ac96921f58212e6f859757aceb6d9b28a5e161a6b461188bcb3c89fea1?s=96&d=mm&r=g\",\"caption\":\"Itabe\"},\"url\":\"https:\\\/\\\/itabe.es\\\/ca\\\/author\\\/jonatan\\\/\"}]}<\/script>\n<!-- \/ Yoast SEO plugin. -->","yoast_head_json":{"title":"Qu\u00e8 s'ent\u00e9n per seguretat aliment\u00e0ria - Itabe Laboratorio","robots":{"index":"index","follow":"follow","max-snippet":"max-snippet:-1","max-image-preview":"max-image-preview:large","max-video-preview":"max-video-preview:-1"},"canonical":"https:\/\/itabe.es\/ca\/que-senten-per-seguretat-alimentaria\/","og_locale":"ca_ES","og_type":"article","og_title":"Qu\u00e8 s'ent\u00e9n per seguretat aliment\u00e0ria - Itabe Laboratorio","og_description":"En el moment en el que es parla de seguretat aliment\u00e0ria es fa refer\u00e8ncia als recursos i a les estrat\u00e8gies que asseguren que els aliments siguin completament segurs per al seu consum. \u00c9s per aix\u00f2 que \u00e9s tan important entendre b\u00e9 el que significa aquest concepte. Seguretat aliment\u00e0ria: qu\u00e8 s&#8217;ent\u00e9n per aquest concepte? Amb el [&hellip;]","og_url":"https:\/\/itabe.es\/ca\/que-senten-per-seguretat-alimentaria\/","og_site_name":"Itabe Laboratorio","article_published_time":"2020-02-28T09:38:05+00:00","article_modified_time":"2020-02-28T09:40:16+00:00","og_image":[{"width":1920,"height":600,"url":"https:\/\/itabe.es\/wp-content\/uploads\/2019\/06\/seguridad-alimentaria-barce.jpg","type":"image\/jpeg"}],"author":"Itabe","twitter_card":"summary_large_image","twitter_misc":{"Escrit per":"Itabe","Temps estimat de lectura":"2 minuts"},"schema":{"@context":"https:\/\/schema.org","@graph":[{"@type":"Article","@id":"https:\/\/itabe.es\/ca\/que-senten-per-seguretat-alimentaria\/#article","isPartOf":{"@id":"https:\/\/itabe.es\/ca\/que-senten-per-seguretat-alimentaria\/"},"author":{"name":"Itabe","@id":"https:\/\/itabe.es\/#\/schema\/person\/8f14d3a579706503e36ade373f2a6f2c"},"headline":"Qu\u00e8 s&#8217;ent\u00e9n per seguretat aliment\u00e0ria","datePublished":"2020-02-28T09:38:05+00:00","dateModified":"2020-02-28T09:40:16+00:00","mainEntityOfPage":{"@id":"https:\/\/itabe.es\/ca\/que-senten-per-seguretat-alimentaria\/"},"wordCount":520,"image":{"@id":"https:\/\/itabe.es\/ca\/que-senten-per-seguretat-alimentaria\/#primaryimage"},"thumbnailUrl":"https:\/\/itabe.es\/wp-content\/uploads\/2019\/06\/seguridad-alimentaria-barce.jpg","inLanguage":"ca"},{"@type":"WebPage","@id":"https:\/\/itabe.es\/ca\/que-senten-per-seguretat-alimentaria\/","url":"https:\/\/itabe.es\/ca\/que-senten-per-seguretat-alimentaria\/","name":"Qu\u00e8 s'ent\u00e9n per seguretat aliment\u00e0ria - Itabe Laboratorio","isPartOf":{"@id":"https:\/\/itabe.es\/#website"},"primaryImageOfPage":{"@id":"https:\/\/itabe.es\/ca\/que-senten-per-seguretat-alimentaria\/#primaryimage"},"image":{"@id":"https:\/\/itabe.es\/ca\/que-senten-per-seguretat-alimentaria\/#primaryimage"},"thumbnailUrl":"https:\/\/itabe.es\/wp-content\/uploads\/2019\/06\/seguridad-alimentaria-barce.jpg","datePublished":"2020-02-28T09:38:05+00:00","dateModified":"2020-02-28T09:40:16+00:00","author":{"@id":"https:\/\/itabe.es\/#\/schema\/person\/8f14d3a579706503e36ade373f2a6f2c"},"breadcrumb":{"@id":"https:\/\/itabe.es\/ca\/que-senten-per-seguretat-alimentaria\/#breadcrumb"},"inLanguage":"ca","potentialAction":[{"@type":"ReadAction","target":["https:\/\/itabe.es\/ca\/que-senten-per-seguretat-alimentaria\/"]}]},{"@type":"ImageObject","inLanguage":"ca","@id":"https:\/\/itabe.es\/ca\/que-senten-per-seguretat-alimentaria\/#primaryimage","url":"https:\/\/itabe.es\/wp-content\/uploads\/2019\/06\/seguridad-alimentaria-barce.jpg","contentUrl":"https:\/\/itabe.es\/wp-content\/uploads\/2019\/06\/seguridad-alimentaria-barce.jpg","width":1920,"height":600,"caption":"seguridad alimentaria barcelona"},{"@type":"BreadcrumbList","@id":"https:\/\/itabe.es\/ca\/que-senten-per-seguretat-alimentaria\/#breadcrumb","itemListElement":[{"@type":"ListItem","position":1,"name":"Portada","item":"https:\/\/itabe.es\/ca\/"},{"@type":"ListItem","position":2,"name":"Qu\u00e8 s&#8217;ent\u00e9n per seguretat aliment\u00e0ria"}]},{"@type":"WebSite","@id":"https:\/\/itabe.es\/#website","url":"https:\/\/itabe.es\/","name":"Itabe Laboratorio","description":"Laboratorio ambiental, seguridad alimentaria","potentialAction":[{"@type":"SearchAction","target":{"@type":"EntryPoint","urlTemplate":"https:\/\/itabe.es\/?s={search_term_string}"},"query-input":{"@type":"PropertyValueSpecification","valueRequired":true,"valueName":"search_term_string"}}],"inLanguage":"ca"},{"@type":"Person","@id":"https:\/\/itabe.es\/#\/schema\/person\/8f14d3a579706503e36ade373f2a6f2c","name":"Itabe","image":{"@type":"ImageObject","inLanguage":"ca","@id":"https:\/\/secure.gravatar.com\/avatar\/954520ac96921f58212e6f859757aceb6d9b28a5e161a6b461188bcb3c89fea1?s=96&d=mm&r=g","url":"https:\/\/secure.gravatar.com\/avatar\/954520ac96921f58212e6f859757aceb6d9b28a5e161a6b461188bcb3c89fea1?s=96&d=mm&r=g","contentUrl":"https:\/\/secure.gravatar.com\/avatar\/954520ac96921f58212e6f859757aceb6d9b28a5e161a6b461188bcb3c89fea1?s=96&d=mm&r=g","caption":"Itabe"},"url":"https:\/\/itabe.es\/ca\/author\/jonatan\/"}]}},"_links":{"self":[{"href":"https:\/\/itabe.es\/ca\/wp-json\/wp\/v2\/posts\/1036","targetHints":{"allow":["GET"]}}],"collection":[{"href":"https:\/\/itabe.es\/ca\/wp-json\/wp\/v2\/posts"}],"about":[{"href":"https:\/\/itabe.es\/ca\/wp-json\/wp\/v2\/types\/post"}],"author":[{"embeddable":true,"href":"https:\/\/itabe.es\/ca\/wp-json\/wp\/v2\/users\/1"}],"replies":[{"embeddable":true,"href":"https:\/\/itabe.es\/ca\/wp-json\/wp\/v2\/comments?post=1036"}],"version-history":[{"count":3,"href":"https:\/\/itabe.es\/ca\/wp-json\/wp\/v2\/posts\/1036\/revisions"}],"predecessor-version":[{"id":1039,"href":"https:\/\/itabe.es\/ca\/wp-json\/wp\/v2\/posts\/1036\/revisions\/1039"}],"wp:featuredmedia":[{"embeddable":true,"href":"https:\/\/itabe.es\/ca\/wp-json\/wp\/v2\/media\/394"}],"wp:attachment":[{"href":"https:\/\/itabe.es\/ca\/wp-json\/wp\/v2\/media?parent=1036"}],"wp:term":[{"taxonomy":"category","embeddable":true,"href":"https:\/\/itabe.es\/ca\/wp-json\/wp\/v2\/categories?post=1036"},{"taxonomy":"post_tag","embeddable":true,"href":"https:\/\/itabe.es\/ca\/wp-json\/wp\/v2\/tags?post=1036"}],"curies":[{"name":"wp","href":"https:\/\/api.w.org\/{rel}","templated":true}]}}